{"id":10383,"date":"2014-09-21T07:27:53","date_gmt":"2014-09-21T05:27:53","guid":{"rendered":"http:\/\/www.manologarciaycia.com\/?p=10383"},"modified":"2014-09-21T07:36:03","modified_gmt":"2014-09-21T05:36:03","slug":"con-ustedes-el-nuevo-disco-de-manolo-garcia-entrevista-en-cope","status":"publish","type":"post","link":"https:\/\/www.manologarciaycia.com\/?p=10383","title":{"rendered":"Con ustedes, el nuevo disco de Manolo Garc\u00eda &#8211; Entrevista en Cope"},"content":{"rendered":"<p><iframe loading=\"lazy\" width=\"100%\" height=\"120\" frameborder=\"0\" allowfullscreen=\"\" scrolling=\"no\" src=\"http:\/\/www.ivoox.com\/player_ej_3517103_2_1.html?data=lJqemZaUd46ZmKiakpyJd6KokpKSmaiRdo6ZmKiakpKJe6ShkZKSmaiRkcLi0NHcjazFtsSZpJiSo6nFb46fk5WelpCRb6Tj0cqYj5Cqrc%2BfxcqYtcrRpc%2FVjJKYp9PYtsbqytiah5ynccno1dWSlaaJdqeZk6vk2dySlMbowtTgkNPJuI6ZmKialg%3D%3D&#038;\"><\/iframe><\/p>\n<p>Su primer single \u00abEs mejor sentir\u00bb ser\u00e1 un aut\u00e9ntico \u00e9xito. En Fin de Semana COPE charlamos con el genuino cantante catal\u00e1n, que firma su sexto disco en solitario tras d\u00e9cadas con el grupo El \u00daltimo de la Fila.<\/p>\n<p>M\u00e1s de un a\u00f1o le ha llevado al cantante Manolo Garc\u00eda preparar su nuevo disco, el sexto en solitario desde la disoluci\u00f3n de El \u00daltimo de la Fila, y uno de los m\u00e1s esperados del oto\u00f1o. De momento, y para abrir boca, nos ha llegado su primer single, \u201cEs mejor sentir\u201d, donde no falta ese sonido pop con guitarra que tanto identifica al cantante catal\u00e1n. <\/p>\n<p>El single, al igual que el resto del \u00e1lbum, ha sido grabado en Nueva York, en The Clubhouse Studio, donde Manolo Garc\u00eda ha trabajado con veteranos m\u00fasicos de la escena local que han acompa\u00f1ado a artistas de la talla de David Bowie, Lenny Kravitz, Patti Smith, B-52&#8217;s o John Lennon. <\/p>\n<p>Fuente: Cope &#8211; <a href=\"http:\/\/www.cope.es\/detalle\/Con-ustedes-el-nuevo-disco-de-Manolo-Garcia.html\" target=\"_blank\">ENLACE<\/a> &#8211; <a href=\"http:\/\/www.cope.es\/player\/Entrevista-a-Manolo-Garcia-en-Fin-de-Semana-COPE&#038;id=2014092011010001&#038;activo=10\" target=\"_blank\">AUDIO ORIGINAL<\/a><\/p>\n","protected":false},"excerpt":{"rendered":"<p>Su primer single \u00abEs mejor sentir\u00bb ser\u00e1 un aut\u00e9ntico \u00e9xito. En Fin de Semana COPE charlamos con el genuino cantante catal\u00e1n, que firma su sexto disco en solitario tras d\u00e9cadas con el grupo El \u00daltimo de la Fila. M\u00e1s de un a\u00f1o le ha llevado al cantante Manolo Garc\u00eda preparar su nuevo disco, el sexto<a class=\"moretag\" href=\"https:\/\/www.manologarciaycia.com\/?p=10383\" title=\"Con ustedes, el nuevo disco de Manolo Garc\u00eda &#8211; Entrevista en Cope\" target=\"_self\" rel=\"follow\"> <font face=arial size=2>[Leer m\u00e1s]<\/font> <\/a><\/p>\n","protected":false},"author":2,"featured_media":10384,"comment_status":"closed","ping_status":"closed","sticky":false,"template":"","format":"standard","meta":{"footnotes":""},"categories":[1],"tags":[],"class_list":["post-10383","post","type-post","status-publish","format-standard","has-post-thumbnail","hentry","category-manolo-garcia"],"_links":{"self":[{"href":"https:\/\/www.manologarciaycia.com\/index.php?rest_route=\/wp\/v2\/posts\/10383","targetHints":{"allow":["GET"]}}],"collection":[{"href":"https:\/\/www.manologarciaycia.com\/index.php?rest_route=\/wp\/v2\/posts"}],"about":[{"href":"https:\/\/www.manologarciaycia.com\/index.php?rest_route=\/wp\/v2\/types\/post"}],"author":[{"embeddable":true,"href":"https:\/\/www.manologarciaycia.com\/index.php?rest_route=\/wp\/v2\/users\/2"}],"replies":[{"embeddable":true,"href":"https:\/\/www.manologarciaycia.com\/index.php?rest_route=%2Fwp%2Fv2%2Fcomments&post=10383"}],"version-history":[{"count":2,"href":"https:\/\/www.manologarciaycia.com\/index.php?rest_route=\/wp\/v2\/posts\/10383\/revisions"}],"predecessor-version":[{"id":10386,"href":"https:\/\/www.manologarciaycia.com\/index.php?rest_route=\/wp\/v2\/posts\/10383\/revisions\/10386"}],"wp:featuredmedia":[{"embeddable":true,"href":"https:\/\/www.manologarciaycia.com\/index.php?rest_route=\/wp\/v2\/media\/10384"}],"wp:attachment":[{"href":"https:\/\/www.manologarciaycia.com\/index.php?rest_route=%2Fwp%2Fv2%2Fmedia&parent=10383"}],"wp:term":[{"taxonomy":"category","embeddable":true,"href":"https:\/\/www.manologarciaycia.com\/index.php?rest_route=%2Fwp%2Fv2%2Fcategories&post=10383"},{"taxonomy":"post_tag","embeddable":true,"href":"https:\/\/www.manologarciaycia.com\/index.php?rest_route=%2Fwp%2Fv2%2Ftags&post=10383"}],"curies":[{"name":"wp","href":"https:\/\/api.w.org\/{rel}","templated":true}]}}