{"id":10346,"date":"2014-09-18T07:23:23","date_gmt":"2014-09-18T05:23:23","guid":{"rendered":"http:\/\/www.manologarciaycia.com\/?p=10346"},"modified":"2014-09-20T08:00:48","modified_gmt":"2014-09-20T06:00:48","slug":"es-mejor-sentir-manolo-garcia","status":"publish","type":"post","link":"https:\/\/www.manologarciaycia.com\/?p=10346","title":{"rendered":"ES MEJOR SENTIR, MANOLO GARC\u00cdA (Alta Calidad) + letra"},"content":{"rendered":"<p>Os dejamos el estreno en Cadena Dial (Atr\u00e9vete) del primer Single &#8216;Es Mejor Sentir&#8217;, del nuevo trabajo de Manolo Garc\u00eda que sale en Octubre\/Noviembre.<br \/>\n<!--more--><\/p>\n<p><u><strong>Es Mejor Sentir &#8211; Manolo Garc\u00eda 2014:<\/strong><\/u><\/p>\n<p>Es mejor sentir que pensar,<br \/>\nsentir es mejor.<\/p>\n<p>Es mejor sentir que pensar,<br \/>\nsentir es mejor.<\/p>\n<p>Tuve que cruzar el puente,<br \/>\ntuve que pararme al sol,<br \/>\na esperar la buena suerte,<br \/>\na volver a entrar en calor<\/p>\n<p>Si vuelve a suceder<br \/>\nsi me vuelvo a enamorar,<br \/>\ntendr\u00e9 que andar con mas tino,<br \/>\ny no creo que el destino ya est\u00e1 escrito y por firmar<\/p>\n<p>Es mejor sentir que pensar,<br \/>\nsentir es mejor<\/p>\n<p>Es mejor sentir que pensar,<br \/>\nsentir es mejor<\/p>\n<p>Si, es mejor sentir que pensar,<br \/>\nsentir es mejor<\/p>\n<p>Tuve que dejar mi casa,<br \/>\nrenunci\u00e9 a mi porvenir;<br \/>\natrapado en turbias aguas,<br \/>\ntuve que vivir sin mi.<br \/>\nDesnudo y solo me sent\u00ed.<\/p>\n<p>Camin\u00e9 sin rumbo por las calles, tan extra\u00f1as para m\u00ed<br \/>\ny mir\u00e9 la luna colgada de los pisos altos y sent\u00ed\u2026<\/p>\n<p>Es mejor sentir que pensar,<br \/>\nsentir es mejor<\/p>\n<p>Es mejor sentir que pensar,<br \/>\nsentir es mejor<\/p>\n<p>Tuve que cruzar el puente,<br \/>\nSentarme a descansar al sol;<br \/>\nnegarme a resbalar por la pendiente,<br \/>\nvolver a encontrar tu olor<\/p>\n<p>Tuve que salvar el puente;<br \/>\ntuve que pararme al sol;<br \/>\ntuve que cruzar el puente ;<\/p>\n<p>Es mejor sentir que pensar,<br \/>\nsentir es mejor<\/p>\n<p>Es mejor sentir que pensar,<br \/>\nsentir es mejor<\/p>\n","protected":false},"excerpt":{"rendered":"<p>Os dejamos el estreno en Cadena Dial (Atr\u00e9vete) del primer Single &#8216;Es Mejor Sentir&#8217;, del nuevo trabajo de Manolo Garc\u00eda que sale en Octubre\/Noviembre.<a class=\"moretag\" href=\"https:\/\/www.manologarciaycia.com\/?p=10346\" title=\"ES MEJOR SENTIR, MANOLO GARC\u00cdA (Alta Calidad) + letra\" target=\"_self\" rel=\"follow\"> <font face=arial size=2>[Leer m\u00e1s]<\/font> <\/a><\/p>\n","protected":false},"author":2,"featured_media":0,"comment_status":"closed","ping_status":"closed","sticky":false,"template":"","format":"audio","meta":{"footnotes":""},"categories":[1],"tags":[],"class_list":["post-10346","post","type-post","status-publish","format-audio","hentry","category-manolo-garcia","post_format-post-format-audio"],"_links":{"self":[{"href":"https:\/\/www.manologarciaycia.com\/index.php?rest_route=\/wp\/v2\/posts\/10346","targetHints":{"allow":["GET"]}}],"collection":[{"href":"https:\/\/www.manologarciaycia.com\/index.php?rest_route=\/wp\/v2\/posts"}],"about":[{"href":"https:\/\/www.manologarciaycia.com\/index.php?rest_route=\/wp\/v2\/types\/post"}],"author":[{"embeddable":true,"href":"https:\/\/www.manologarciaycia.com\/index.php?rest_route=\/wp\/v2\/users\/2"}],"replies":[{"embeddable":true,"href":"https:\/\/www.manologarciaycia.com\/index.php?rest_route=%2Fwp%2Fv2%2Fcomments&post=10346"}],"version-history":[{"count":6,"href":"https:\/\/www.manologarciaycia.com\/index.php?rest_route=\/wp\/v2\/posts\/10346\/revisions"}],"predecessor-version":[{"id":10355,"href":"https:\/\/www.manologarciaycia.com\/index.php?rest_route=\/wp\/v2\/posts\/10346\/revisions\/10355"}],"wp:attachment":[{"href":"https:\/\/www.manologarciaycia.com\/index.php?rest_route=%2Fwp%2Fv2%2Fmedia&parent=10346"}],"wp:term":[{"taxonomy":"category","embeddable":true,"href":"https:\/\/www.manologarciaycia.com\/index.php?rest_route=%2Fwp%2Fv2%2Fcategories&post=10346"},{"taxonomy":"post_tag","embeddable":true,"href":"https:\/\/www.manologarciaycia.com\/index.php?rest_route=%2Fwp%2Fv2%2Ftags&post=10346"}],"curies":[{"name":"wp","href":"https:\/\/api.w.org\/{rel}","templated":true}]}}