{"id":10340,"date":"2014-09-17T21:52:27","date_gmt":"2014-09-17T19:52:27","guid":{"rendered":"http:\/\/www.manologarciaycia.com\/?p=10340"},"modified":"2014-09-17T21:54:39","modified_gmt":"2014-09-17T19:54:39","slug":"manana-estreno-de-es-mejor-sentir-de-manolo-garcia","status":"publish","type":"post","link":"https:\/\/www.manologarciaycia.com\/?p=10340","title":{"rendered":"Ma\u00f1ana estreno de Es Mejor Sentir de Manolo Garc\u00eda"},"content":{"rendered":"<p>Jaime Cantizano ha comentado en su Twitter oficial: \u00abMa\u00f1ana &#8211; en exclusiva &#8211; lo nuevo de Manolo Garc\u00eda. Lo estrenamos en Atrevete entre las 7 y las 8 AM. Pero yo q tu&#8230;me quedaba hasta las 10&#8230;\u00bb <\/p>\n<p>As\u00ed que ya sab\u00e9is de 7 a 10!  #VuelveManoloGarc\u00eda #EsMejorSentir #CadenaDial #Atr\u00e9vete<\/p>\n","protected":false},"excerpt":{"rendered":"<p>Jaime Cantizano ha comentado en su Twitter oficial: \u00abMa\u00f1ana &#8211; en exclusiva &#8211; lo nuevo de Manolo Garc\u00eda. Lo estrenamos en Atrevete entre las 7 y las 8 AM. Pero yo q tu&#8230;me quedaba hasta las 10&#8230;\u00bb As\u00ed que ya sab\u00e9is de 7 a 10! #VuelveManoloGarc\u00eda #EsMejorSentir #CadenaDial #Atr\u00e9vete<a class=\"moretag\" href=\"https:\/\/www.manologarciaycia.com\/?p=10340\" title=\"Ma\u00f1ana estreno de Es Mejor Sentir de Manolo Garc\u00eda\" target=\"_self\" rel=\"follow\"> <font face=arial size=2>[Leer m\u00e1s]<\/font> <\/a><\/p>\n","protected":false},"author":2,"featured_media":10246,"comment_status":"closed","ping_status":"closed","sticky":false,"template":"","format":"standard","meta":{"footnotes":""},"categories":[1],"tags":[],"class_list":["post-10340","post","type-post","status-publish","format-standard","has-post-thumbnail","hentry","category-manolo-garcia"],"_links":{"self":[{"href":"https:\/\/www.manologarciaycia.com\/index.php?rest_route=\/wp\/v2\/posts\/10340","targetHints":{"allow":["GET"]}}],"collection":[{"href":"https:\/\/www.manologarciaycia.com\/index.php?rest_route=\/wp\/v2\/posts"}],"about":[{"href":"https:\/\/www.manologarciaycia.com\/index.php?rest_route=\/wp\/v2\/types\/post"}],"author":[{"embeddable":true,"href":"https:\/\/www.manologarciaycia.com\/index.php?rest_route=\/wp\/v2\/users\/2"}],"replies":[{"embeddable":true,"href":"https:\/\/www.manologarciaycia.com\/index.php?rest_route=%2Fwp%2Fv2%2Fcomments&post=10340"}],"version-history":[{"count":1,"href":"https:\/\/www.manologarciaycia.com\/index.php?rest_route=\/wp\/v2\/posts\/10340\/revisions"}],"predecessor-version":[{"id":10341,"href":"https:\/\/www.manologarciaycia.com\/index.php?rest_route=\/wp\/v2\/posts\/10340\/revisions\/10341"}],"wp:featuredmedia":[{"embeddable":true,"href":"https:\/\/www.manologarciaycia.com\/index.php?rest_route=\/wp\/v2\/media\/10246"}],"wp:attachment":[{"href":"https:\/\/www.manologarciaycia.com\/index.php?rest_route=%2Fwp%2Fv2%2Fmedia&parent=10340"}],"wp:term":[{"taxonomy":"category","embeddable":true,"href":"https:\/\/www.manologarciaycia.com\/index.php?rest_route=%2Fwp%2Fv2%2Fcategories&post=10340"},{"taxonomy":"post_tag","embeddable":true,"href":"https:\/\/www.manologarciaycia.com\/index.php?rest_route=%2Fwp%2Fv2%2Ftags&post=10340"}],"curies":[{"name":"wp","href":"https:\/\/api.w.org\/{rel}","templated":true}]}}