{"id":10332,"date":"2014-09-16T11:44:21","date_gmt":"2014-09-16T09:44:21","guid":{"rendered":"http:\/\/www.manologarciaycia.com\/?p=10332"},"modified":"2014-09-16T11:44:21","modified_gmt":"2014-09-16T09:44:21","slug":"pajaros-de-barro-por-alex-monner","status":"publish","type":"post","link":"https:\/\/www.manologarciaycia.com\/?p=10332","title":{"rendered":"P\u00e1jaros de Barro, por \u00c0lex Monner"},"content":{"rendered":"<p>En el programa V\u00eda Llibre de TV3\/TVCat, el actor \u00c0lex Monner, que se dio a conocer en la serie Polseres Vermelles (Pulseras Rojas), interpreta en este v\u00eddeo \u00abP\u00e1jaros de Barro\u00bb de Manolo Garc\u00eda.<\/p>\n<p>Habla (en Catal\u00e0) de lo que para \u00e9l significa este tema, la nostalgia que le provoca y lo que \u00e9l entiende que significan frases como: \u00abEn los v\u00e9rtices del tiempo anidan los sentimientos. Hoy son p\u00e1jaros de barro que quieren volar.\u00bb<\/p>\n<p>\u00c0lex interpreta que los \u00abP\u00e1jaros de Barro\u00bb son los sentimientos, de una persona un poco perdida &#8216;perdida&#8217;, que quiz\u00e1 tienen que echarse &#8216;a volar&#8217;.<\/p>\n<p>Fuente: TV3 V\u00eda Llibre<\/p>\n","protected":false},"excerpt":{"rendered":"<p>En el programa V\u00eda Llibre de TV3\/TVCat, el actor \u00c0lex Monner, que se dio a conocer en la serie Polseres Vermelles (Pulseras Rojas), interpreta en este v\u00eddeo \u00abP\u00e1jaros de Barro\u00bb de Manolo Garc\u00eda. Habla (en Catal\u00e0) de lo que para \u00e9l significa este tema, la nostalgia que le provoca y lo que \u00e9l entiende que<a class=\"moretag\" href=\"https:\/\/www.manologarciaycia.com\/?p=10332\" title=\"P\u00e1jaros de Barro, por \u00c0lex Monner\" target=\"_self\" rel=\"follow\"> <font face=arial size=2>[Leer m\u00e1s]<\/font> <\/a><\/p>\n","protected":false},"author":2,"featured_media":0,"comment_status":"closed","ping_status":"closed","sticky":false,"template":"","format":"video","meta":{"footnotes":""},"categories":[1],"tags":[],"class_list":["post-10332","post","type-post","status-publish","format-video","hentry","category-manolo-garcia","post_format-post-format-video"],"_links":{"self":[{"href":"https:\/\/www.manologarciaycia.com\/index.php?rest_route=\/wp\/v2\/posts\/10332","targetHints":{"allow":["GET"]}}],"collection":[{"href":"https:\/\/www.manologarciaycia.com\/index.php?rest_route=\/wp\/v2\/posts"}],"about":[{"href":"https:\/\/www.manologarciaycia.com\/index.php?rest_route=\/wp\/v2\/types\/post"}],"author":[{"embeddable":true,"href":"https:\/\/www.manologarciaycia.com\/index.php?rest_route=\/wp\/v2\/users\/2"}],"replies":[{"embeddable":true,"href":"https:\/\/www.manologarciaycia.com\/index.php?rest_route=%2Fwp%2Fv2%2Fcomments&post=10332"}],"version-history":[{"count":1,"href":"https:\/\/www.manologarciaycia.com\/index.php?rest_route=\/wp\/v2\/posts\/10332\/revisions"}],"predecessor-version":[{"id":10334,"href":"https:\/\/www.manologarciaycia.com\/index.php?rest_route=\/wp\/v2\/posts\/10332\/revisions\/10334"}],"wp:attachment":[{"href":"https:\/\/www.manologarciaycia.com\/index.php?rest_route=%2Fwp%2Fv2%2Fmedia&parent=10332"}],"wp:term":[{"taxonomy":"category","embeddable":true,"href":"https:\/\/www.manologarciaycia.com\/index.php?rest_route=%2Fwp%2Fv2%2Fcategories&post=10332"},{"taxonomy":"post_tag","embeddable":true,"href":"https:\/\/www.manologarciaycia.com\/index.php?rest_route=%2Fwp%2Fv2%2Ftags&post=10332"}],"curies":[{"name":"wp","href":"https:\/\/api.w.org\/{rel}","templated":true}]}}