{"id":10251,"date":"2014-09-12T09:47:40","date_gmt":"2014-09-12T07:47:40","guid":{"rendered":"http:\/\/www.manologarciaycia.com\/?p=10251"},"modified":"2014-09-12T10:36:25","modified_gmt":"2014-09-12T08:36:25","slug":"manolo-garcia-lanzamientos-y-estrenos","status":"publish","type":"post","link":"https:\/\/www.manologarciaycia.com\/?p=10251","title":{"rendered":"Manolo Garc\u00eda: Lanzamientos y estrenos&#8230;"},"content":{"rendered":"<p>Peque\u00f1o recordatorio, en forma de cortes de audio, de los lanzamientos de los 3 \u00faltimos discos en solitario de Manolo Garc\u00eda, desde 2004 a 2011.<\/p>\n<p><center><a href=\"http:\/\/www.manologarciaycia.com\/wp-content\/uploads\/2014\/09\/mg-disco-arena-en-los-bolsillos.jpg\"><img loading=\"lazy\" decoding=\"async\" src=\"http:\/\/www.manologarciaycia.com\/wp-content\/uploads\/2014\/09\/mg-disco-arena-en-los-bolsillos-150x150.jpg\" alt=\"mg - disco - arena en los bolsillos\" width=\"150\" height=\"150\" class=\"size-thumbnail wp-image-10261\" srcset=\"https:\/\/www.manologarciaycia.com\/wp-content\/uploads\/2014\/09\/mg-disco-arena-en-los-bolsillos-150x150.jpg 150w, https:\/\/www.manologarciaycia.com\/wp-content\/uploads\/2014\/09\/mg-disco-arena-en-los-bolsillos.jpg 500w\" sizes=\"auto, (max-width: 150px) 100vw, 150px\" \/><\/a>&nbsp;&nbsp;&nbsp;&nbsp;&nbsp;<a href=\"http:\/\/www.manologarciaycia.com\/wp-content\/uploads\/2014\/09\/mg-disco-nunca-el-tiempo-es-perdido1.jpg\"><img loading=\"lazy\" decoding=\"async\" class=\"wp-image-10263 size-thumbnail\" src=\"http:\/\/www.manologarciaycia.com\/wp-content\/uploads\/2014\/09\/mg-disco-nunca-el-tiempo-es-perdido1-150x150.jpg\" alt=\"mg - disco - nunca el tiempo es perdido\" width=\"150\" height=\"150\" \/><\/a><\/center><\/p>\n<p>Los lanzamientos de sus dos primeros discos fueron el 29 de Abril de 1998 con \u00abArena en los bolsillos\u00bb y el 14 de Mayo de 2001 con \u00abNunca el tiempo es perdido\u00bb.<\/p>\n<p><a href=\"http:\/\/www.manologarciaycia.com\/wp-content\/uploads\/2014\/09\/mg-disco-para-que-no-se-duerman-mis-sentidos.jpg\"><img loading=\"lazy\" decoding=\"async\" class=\"alignleft size-thumbnail wp-image-10258\" src=\"http:\/\/www.manologarciaycia.com\/wp-content\/uploads\/2014\/09\/mg-disco-para-que-no-se-duerman-mis-sentidos-150x150.jpg\" alt=\"mg - disco - para que no se duerman mis sentidos\" width=\"150\" height=\"150\" srcset=\"https:\/\/www.manologarciaycia.com\/wp-content\/uploads\/2014\/09\/mg-disco-para-que-no-se-duerman-mis-sentidos-150x150.jpg 150w, https:\/\/www.manologarciaycia.com\/wp-content\/uploads\/2014\/09\/mg-disco-para-que-no-se-duerman-mis-sentidos.jpg 500w\" sizes=\"auto, (max-width: 150px) 100vw, 150px\" \/><\/a> En 2004 se lanz\u00f3 \u00abPara que no se duerman mis sentidos\u00bb, el 7 de Septiembre y el primer single, con el mismo t\u00edtulo, se estren\u00f3 el 22 Agosto 2004 en Cadena Dial:<br \/>\n<iframe loading=\"lazy\" src=\"http:\/\/www.ivoox.com\/player_ej_3487956_2_1.html?data=lJmlmZ6Zeo6ZmKiakpWJd6KkkZKSmaiRdI6ZmKiakpKJe6ShkZKSmaiRkcLi0NHcjazFtsTdwpCajZeUdJWfjpC9w9fFb9LpxpDb0ZDXqYzY1srfz8bSb87d1JDgx9PYrY6ZmKiaytnYtIanooqfqIqWitjr2JO9x9nFs9Siz8rhj4qbh46o&amp;\" width=\"100%\" height=\"120\" frameborder=\"0\" scrolling=\"no\" allowfullscreen=\"allowfullscreen\"><\/iframe><\/p>\n<p>Os dejamos tambi\u00e9n esta entrevista en el programa de Radio \u00abLa Orilla\u00bb del 24 de Agosto de 2004:<br \/>\n<iframe loading=\"lazy\" src=\"http:\/\/www.ivoox.com\/player_ej_3487949_2_1.html?data=lJmlmZ6YfY6ZmKiak5mJd6KolZKSmaiRdo6ZmKiakpKJe6ShkZKSmaiRkcLi0NHcjazFtsTdwpCajZeUdJWfjpC9w9fFb9LpxpDb0ZDXqYzY1srfz8bSb87d1JDgx9PYrY6ZmKiaytnYtIanooqfqIqWitjr2JO9x9nFs9Siz8rhj4qbh46o&amp;\" width=\"100%\" height=\"120\" frameborder=\"0\" scrolling=\"no\" allowfullscreen=\"allowfullscreen\"><\/iframe><\/p>\n<p><a href=\"http:\/\/www.manologarciaycia.com\/wp-content\/uploads\/2014\/09\/mg-disco-saldremos-a-la-lluvia.jpg\"><img loading=\"lazy\" decoding=\"async\" src=\"http:\/\/www.manologarciaycia.com\/wp-content\/uploads\/2014\/09\/mg-disco-saldremos-a-la-lluvia-150x150.jpg\" alt=\"mg - disco - saldremos a la lluvia\" width=\"150\" height=\"150\" class=\"alignright size-thumbnail wp-image-10259\" srcset=\"https:\/\/www.manologarciaycia.com\/wp-content\/uploads\/2014\/09\/mg-disco-saldremos-a-la-lluvia-150x150.jpg 150w, https:\/\/www.manologarciaycia.com\/wp-content\/uploads\/2014\/09\/mg-disco-saldremos-a-la-lluvia.jpg 500w\" sizes=\"auto, (max-width: 150px) 100vw, 150px\" \/><\/a> Fue en 2008, el 13 de Mayo, cuando se lanz\u00f3 \u00abSaldremos a la lluvia\u00bb. El primer single, con el mismo t\u00edtulo, se public\u00f3 el 14 Abril 2008 y se estren\u00f3 en \u00abDial Tal Cual\u00bb de Cadena D\u00edal:<br \/>\n<iframe loading=\"lazy\" src=\"http:\/\/www.ivoox.com\/player_ej_3487975_2_1.html?data=lJmlmZ6beY6ZmKiakpmJd6KklpKSmaiRdo6ZmKiakpKJe6ShkZKSmaiRkcLi0NHcjazFtsTdwpCajZeUdJmfjpDAw9HItsbh0NiYw5DQpYzgzdrjy8aPcYy51Nnfx9PTb46ZmKiaytnYtIanooqfqIqWitjr2JO9x9nFs9Siz8rhj4qbh46o&amp;\" width=\"100%\" height=\"120\" frameborder=\"0\" scrolling=\"no\" allowfullscreen=\"allowfullscreen\"><\/iframe><\/p>\n<p>Tambi\u00e9n os dejamos la entrevista en relaci\u00f3n al lanzamiento de dicho LP, del 10 de Mayo de 2008:<br \/>\n<iframe loading=\"lazy\" src=\"http:\/\/www.ivoox.com\/player_ej_3487993_2_1.html?data=lJmlmZ6dd46ZmKiak52Jd6Kol5KSmaiRdo6ZmKiakpKJe6ShkZKSmaiRkcLi0NHcjazFtsTdwpCajZeUdJmfjpDAw9HItsbh0NiYw5DQpYzgzdrjy8aPcYy51Nnfx9PTb46ZmKiaytnYtIanooqfqIqWitjr2JO9x9nFs9Siz8rhj4qbh46o&amp;\" width=\"100%\" height=\"120\" frameborder=\"0\" scrolling=\"no\" allowfullscreen=\"allowfullscreen\"><\/iframe><\/p>\n<p><a href=\"http:\/\/www.manologarciaycia.com\/wp-content\/uploads\/2014\/09\/mg-disco-los-dias-intactos.jpg\"><img loading=\"lazy\" decoding=\"async\" src=\"http:\/\/www.manologarciaycia.com\/wp-content\/uploads\/2014\/09\/mg-disco-los-dias-intactos-150x150.jpg\" alt=\"mg - disco - los dias intactos\" width=\"150\" height=\"150\" class=\"alignleft size-thumbnail wp-image-10260\" srcset=\"https:\/\/www.manologarciaycia.com\/wp-content\/uploads\/2014\/09\/mg-disco-los-dias-intactos-150x150.jpg 150w, https:\/\/www.manologarciaycia.com\/wp-content\/uploads\/2014\/09\/mg-disco-los-dias-intactos.jpg 500w\" sizes=\"auto, (max-width: 150px) 100vw, 150px\" \/><\/a> Su \u00faltimo trabajo en solitario, \u00abLos d\u00edas intactos\u00bb, se lanz\u00f3 el 25 Octubre 2011; el primer single \u00abUn Giro Teatral\u00bb, apareci\u00f3 el 13 de Septiembre 2011. Os dejamos el audio del estreno en Cadena 100, con una entrevista el 26 de Septiembre de 2011, con Javi Nieves y Mar Amate en \u00abBuenos d\u00edas Javi Nieves\u00bb:<br \/>\n<iframe loading=\"lazy\" src=\"http:\/\/www.ivoox.com\/player_ej_3488002_2_1.html?data=lJmlmpWUdo6ZmKiakpyJd6KmlZKSmaiRdo6ZmKiakpKJe6ShkZKSmaiRkcLi0NHcjazFtsTdwpCajZeUdZKfjpC50diPiMrV1JC20NnFp9Xj1JCajbrSb6jd09SYtsrFuI6ZmKiaytnYtIanooqfqIqWitjr2JO9x9nFs9Siz8rhj4qbh46o&amp;\" width=\"100%\" height=\"120\" frameborder=\"0\" scrolling=\"no\" allowfullscreen=\"allowfullscreen\"><\/iframe><\/p>\n<p>Nuestro canal en Ivoox: <a href=\"http:\/\/www.ivoox.com\/podcast-podcast-http-www-petaos-net_sq_f195347_1.html\" target=\"_blank\">http:\/\/www.ivoox.com\/podcast-podcast-http-www-petaos-net_sq_f195347_1.html<\/a><\/p>\n","protected":false},"excerpt":{"rendered":"<p>Peque\u00f1o recordatorio, en forma de cortes de audio, de los lanzamientos de los 3 \u00faltimos discos en solitario de Manolo Garc\u00eda, desde 2004 a 2011. &nbsp;&nbsp;&nbsp;&nbsp;&nbsp; Los lanzamientos de sus dos primeros discos fueron el 29 de Abril de 1998 con \u00abArena en los bolsillos\u00bb y el 14 de Mayo de 2001 con \u00abNunca el<a class=\"moretag\" href=\"https:\/\/www.manologarciaycia.com\/?p=10251\" title=\"Manolo Garc\u00eda: Lanzamientos y estrenos&#8230;\" target=\"_self\" rel=\"follow\"> <font face=arial size=2>[Leer m\u00e1s]<\/font> <\/a><\/p>\n","protected":false},"author":2,"featured_media":10271,"comment_status":"closed","ping_status":"closed","sticky":false,"template":"","format":"standard","meta":{"footnotes":""},"categories":[1],"tags":[],"class_list":["post-10251","post","type-post","status-publish","format-standard","has-post-thumbnail","hentry","category-manolo-garcia"],"_links":{"self":[{"href":"https:\/\/www.manologarciaycia.com\/index.php?rest_route=\/wp\/v2\/posts\/10251","targetHints":{"allow":["GET"]}}],"collection":[{"href":"https:\/\/www.manologarciaycia.com\/index.php?rest_route=\/wp\/v2\/posts"}],"about":[{"href":"https:\/\/www.manologarciaycia.com\/index.php?rest_route=\/wp\/v2\/types\/post"}],"author":[{"embeddable":true,"href":"https:\/\/www.manologarciaycia.com\/index.php?rest_route=\/wp\/v2\/users\/2"}],"replies":[{"embeddable":true,"href":"https:\/\/www.manologarciaycia.com\/index.php?rest_route=%2Fwp%2Fv2%2Fcomments&post=10251"}],"version-history":[{"count":13,"href":"https:\/\/www.manologarciaycia.com\/index.php?rest_route=\/wp\/v2\/posts\/10251\/revisions"}],"predecessor-version":[{"id":10270,"href":"https:\/\/www.manologarciaycia.com\/index.php?rest_route=\/wp\/v2\/posts\/10251\/revisions\/10270"}],"wp:featuredmedia":[{"embeddable":true,"href":"https:\/\/www.manologarciaycia.com\/index.php?rest_route=\/wp\/v2\/media\/10271"}],"wp:attachment":[{"href":"https:\/\/www.manologarciaycia.com\/index.php?rest_route=%2Fwp%2Fv2%2Fmedia&parent=10251"}],"wp:term":[{"taxonomy":"category","embeddable":true,"href":"https:\/\/www.manologarciaycia.com\/index.php?rest_route=%2Fwp%2Fv2%2Fcategories&post=10251"},{"taxonomy":"post_tag","embeddable":true,"href":"https:\/\/www.manologarciaycia.com\/index.php?rest_route=%2Fwp%2Fv2%2Ftags&post=10251"}],"curies":[{"name":"wp","href":"https:\/\/api.w.org\/{rel}","templated":true}]}}