{"id":10233,"date":"2014-09-10T09:32:32","date_gmt":"2014-09-10T07:32:32","guid":{"rendered":"http:\/\/www.manologarciaycia.com\/?p=10233"},"modified":"2014-09-10T09:32:32","modified_gmt":"2014-09-10T07:32:32","slug":"ricardo-marin-este-sabado-13-con-raimundo-amador%ef%bb%bf-en-el-guitar-fair%ef%bb%bf-de-malaga","status":"publish","type":"post","link":"https:\/\/www.manologarciaycia.com\/?p=10233","title":{"rendered":"Ricardo Mar\u00edn, este s\u00e1bado 13, con Raimundo Amador\ufeff en el Guitar Fair\ufeff de M\u00e1laga"},"content":{"rendered":"<p>Raimundo Amador, gran guitarrista que mezcla flamenco y blues y que fue parte en su d\u00eda de los influyentes Pata Negra, es parte del cartel del festival Guitar Fai [Feria Internacional de la Guitarra] que tendr\u00e1 lugar en el Palacio de Ferias y Congresos de M\u00e1laga [Fycma] de M\u00e1laga entre los d\u00edas 11 al 14 de septiembre. <\/p>\n<p>El evento tambi\u00e9n incluye a Jorge Salan [ex guitarrista de Mago de Oz con notable carrera en solitario], Pepe Bao [de O Funkillo] con Chapi Pineda. The Mencial Project, el Amir, InMune, Sergio Sancho Quartet Y Tabletom [iconos de la fusi\u00f3n flamenca con inicio en los a\u00f1os 70], entre otras propuestas. <\/p>\n<p>Esta primera edici\u00f3n del Guitar Fair tiene un programa donde caben tambi\u00e9n actividades sobre la fabricaci\u00f3n y comercializaci\u00f3n de guitarras. <\/p>\n<p>El \u00faltimo trabajo de Raimundo lleva por t\u00edtulo, Medio hombre, medio guitarra, tratando de enderezar una carrera algo a la baja pese a su talento y peso dentro de la mezcla de flamenco con el rock y\/o la m\u00fasica negra.<\/p>\n","protected":false},"excerpt":{"rendered":"<p>Raimundo Amador, gran guitarrista que mezcla flamenco y blues y que fue parte en su d\u00eda de los influyentes Pata Negra, es parte del cartel del festival Guitar Fai [Feria Internacional de la Guitarra] que tendr\u00e1 lugar en el Palacio de Ferias y Congresos de M\u00e1laga [Fycma] de M\u00e1laga entre los d\u00edas 11 al 14<a class=\"moretag\" href=\"https:\/\/www.manologarciaycia.com\/?p=10233\" title=\"Ricardo Mar\u00edn, este s\u00e1bado 13, con Raimundo Amador\ufeff en el Guitar Fair\ufeff de M\u00e1laga\" target=\"_self\" rel=\"follow\"> <font face=arial size=2>[Leer m\u00e1s]<\/font> <\/a><\/p>\n","protected":false},"author":2,"featured_media":10234,"comment_status":"closed","ping_status":"closed","sticky":false,"template":"","format":"standard","meta":{"footnotes":""},"categories":[23],"tags":[],"class_list":["post-10233","post","type-post","status-publish","format-standard","has-post-thumbnail","hentry","category-otros"],"_links":{"self":[{"href":"https:\/\/www.manologarciaycia.com\/index.php?rest_route=\/wp\/v2\/posts\/10233","targetHints":{"allow":["GET"]}}],"collection":[{"href":"https:\/\/www.manologarciaycia.com\/index.php?rest_route=\/wp\/v2\/posts"}],"about":[{"href":"https:\/\/www.manologarciaycia.com\/index.php?rest_route=\/wp\/v2\/types\/post"}],"author":[{"embeddable":true,"href":"https:\/\/www.manologarciaycia.com\/index.php?rest_route=\/wp\/v2\/users\/2"}],"replies":[{"embeddable":true,"href":"https:\/\/www.manologarciaycia.com\/index.php?rest_route=%2Fwp%2Fv2%2Fcomments&post=10233"}],"version-history":[{"count":1,"href":"https:\/\/www.manologarciaycia.com\/index.php?rest_route=\/wp\/v2\/posts\/10233\/revisions"}],"predecessor-version":[{"id":10235,"href":"https:\/\/www.manologarciaycia.com\/index.php?rest_route=\/wp\/v2\/posts\/10233\/revisions\/10235"}],"wp:featuredmedia":[{"embeddable":true,"href":"https:\/\/www.manologarciaycia.com\/index.php?rest_route=\/wp\/v2\/media\/10234"}],"wp:attachment":[{"href":"https:\/\/www.manologarciaycia.com\/index.php?rest_route=%2Fwp%2Fv2%2Fmedia&parent=10233"}],"wp:term":[{"taxonomy":"category","embeddable":true,"href":"https:\/\/www.manologarciaycia.com\/index.php?rest_route=%2Fwp%2Fv2%2Fcategories&post=10233"},{"taxonomy":"post_tag","embeddable":true,"href":"https:\/\/www.manologarciaycia.com\/index.php?rest_route=%2Fwp%2Fv2%2Ftags&post=10233"}],"curies":[{"name":"wp","href":"https:\/\/api.w.org\/{rel}","templated":true}]}}