{"id":10202,"date":"2014-09-01T08:54:49","date_gmt":"2014-09-01T06:54:49","guid":{"rendered":"http:\/\/www.manologarciaycia.com\/?p=10202"},"modified":"2014-09-01T08:54:49","modified_gmt":"2014-09-01T06:54:49","slug":"nuestro-gran-juglar-albert-pla","status":"publish","type":"post","link":"https:\/\/www.manologarciaycia.com\/?p=10202","title":{"rendered":"Nuestro gran juglar (Albert Pl\u00e0)"},"content":{"rendered":"<p>Albert Pla celebr\u00f3 sus 25 a\u00f1os de carrera en Figueres junto a una lujosa n\u00f3mina de invitados.<\/p>\n<p>A finales de los a\u00f1os ochenta, la canci\u00f3n de autor en Catalunya atravesaba una severa crisis en cuanto a difusi\u00f3n y prestigio. Fue un tiempo horribilis para el g\u00e9nero. Entonces lleg\u00f3 un muchacho de Sabadell llamado Albert Pla, que apadrinado por Quico Pi de la Serra y Sisa (Ricardo Solfa en la \u00e9poca), irrumpi\u00f3 en el mercado discogr\u00e1fico con un \u00e1lbum revolucionario (Ho sento molt, 1989). Pla yel at\u00edpico pelaje conceptual de sus canciones, conectaron con nuevos p\u00fablicos, iniciando una brillante carrera que suma ya veinticinco a\u00f1os.<\/p>\n<p>El Festival Ac\u00fastica de Figueres alberg\u00f3 el s\u00e1bado el espect\u00e1culo con el que Albert Pla conmemoraba su primer cuarto de siglo de trayectoria. Fue la guinda del pastel de un ciclo centrado en la m\u00fasica catalana que, desde el jueves 28 y hasta el domingo 31, ha animado la ciudad con m\u00e1s de treintay cinco actuaciones de todo signo. Ayer por la tarde, la organizaci\u00f3n se\u00f1alaba que la decimotercera edici\u00f3n del festival ha registrado 90.000 espectadores.<\/p>\n<p>En la plaza Gala-Salvador Dal\u00ed, y con todo el papel vendido, Albert Pla ofici\u00f3 un intenso montaje, arropado por una banda de gran categor\u00eda (Pascal Comelade, Diego Cort\u00e9s, Judit Farr\u00e9s, Jordi Busquets, Iv\u00e1n elefunken\u2026), y con una impresionante  e intergeneracional n\u00f3mina de artistas invitados: Pau Riba, Quimi Portet, Estopa, Gerard Quintana, S\u00edlvia P\u00e9rez Cruz &#038; Ra\u00fcl Fernandez Mir\u00f3, Maria Rod\u00e9s, Tortell Poltrona, The Pinker Tones, Tomasito\u2026 <\/p>\n<p>La operaci\u00f3n no estaba exenta de cierto riesgo, ya que algunas veces este tipo de propuestas caen en el exceso de rigor por apego al gui\u00f3n, al tiempo que tambi\u00e9n pueden inclinarse hacia alg\u00fan tipo de autocomplacencia. Nada de eso ocurri\u00f3, donde Albert Pla fue generoso en el reparto de protagonismo (al punto de fomentar que varios invitados incluyeran temas de cosecha propia en el programa), mientras que un ambiente felizmente an\u00e1rquico se fue adue\u00f1ando del escenario con el transcurrir de los minutos. <\/p>\n<p>Por m\u00e1s de dos horas, nuestro juglar punk arm\u00f3 una celebraci\u00f3n ciertamente irrepetible, con un repaso a su discograf\u00eda en el que, por cierto, hubo bastante lugar para temas pertenecientes a su primer trabajo (La sequia, El llegat del pastor, Papa, jo vull ser torero como primer bis de la noche&#8230;). <\/p>\n<p>El cat\u00e1logo de grandes momentos de la velada es largo, empezando por el par\u00f3dico d\u00fao junto a Quimi Portet en Sunny day, y culminando con la performance que se marc\u00f3 Pau Riba en el all together de la versi\u00f3n planiana del Walk on the wild side de Lou Reed. A sus 65 a\u00f1os, Riba se transvisti\u00f3 (bragas rojas, sost\u00e9n negro, peluca lila), sin olvidarse de mostrar sus letradas posaderas a un p\u00fablico encantado. <\/p>\n<p>Entre lo uno y lo otro, m\u00e1s estampas memorables: una hilarante interpretaci\u00f3n de La colilla, la desaforada Insolaci\u00f3n construida juntoaGerard Quintana y Tomasito, el \u00e9pico mano a mano con Estopa en Joaqu\u00edn el necio, o el buceo de Pla entre el p\u00fablico, cantando ciego con cornamenta luminosa. Repertorio s\u00f3lido y esp\u00edritu irreductible: \u00a1a por otros veinticinco, maestro!<\/p>\n<p>Fuente: La Vanguardia &#8211; Donat Puig &#8211; Inma Sainz<\/p>\n","protected":false},"excerpt":{"rendered":"<p>Albert Pla celebr\u00f3 sus 25 a\u00f1os de carrera en Figueres junto a una lujosa n\u00f3mina de invitados. A finales de los a\u00f1os ochenta, la canci\u00f3n de autor en Catalunya atravesaba una severa crisis en cuanto a difusi\u00f3n y prestigio. Fue un tiempo horribilis para el g\u00e9nero. Entonces lleg\u00f3 un muchacho de Sabadell llamado Albert Pla,<a class=\"moretag\" href=\"https:\/\/www.manologarciaycia.com\/?p=10202\" title=\"Nuestro gran juglar (Albert Pl\u00e0)\" target=\"_self\" rel=\"follow\"> <font face=arial size=2>[Leer m\u00e1s]<\/font> <\/a><\/p>\n","protected":false},"author":2,"featured_media":10203,"comment_status":"closed","ping_status":"closed","sticky":false,"template":"","format":"standard","meta":{"footnotes":""},"categories":[23,9],"tags":[],"class_list":["post-10202","post","type-post","status-publish","format-standard","has-post-thumbnail","hentry","category-otros","category-qumi-portet"],"_links":{"self":[{"href":"https:\/\/www.manologarciaycia.com\/index.php?rest_route=\/wp\/v2\/posts\/10202","targetHints":{"allow":["GET"]}}],"collection":[{"href":"https:\/\/www.manologarciaycia.com\/index.php?rest_route=\/wp\/v2\/posts"}],"about":[{"href":"https:\/\/www.manologarciaycia.com\/index.php?rest_route=\/wp\/v2\/types\/post"}],"author":[{"embeddable":true,"href":"https:\/\/www.manologarciaycia.com\/index.php?rest_route=\/wp\/v2\/users\/2"}],"replies":[{"embeddable":true,"href":"https:\/\/www.manologarciaycia.com\/index.php?rest_route=%2Fwp%2Fv2%2Fcomments&post=10202"}],"version-history":[{"count":1,"href":"https:\/\/www.manologarciaycia.com\/index.php?rest_route=\/wp\/v2\/posts\/10202\/revisions"}],"predecessor-version":[{"id":10204,"href":"https:\/\/www.manologarciaycia.com\/index.php?rest_route=\/wp\/v2\/posts\/10202\/revisions\/10204"}],"wp:featuredmedia":[{"embeddable":true,"href":"https:\/\/www.manologarciaycia.com\/index.php?rest_route=\/wp\/v2\/media\/10203"}],"wp:attachment":[{"href":"https:\/\/www.manologarciaycia.com\/index.php?rest_route=%2Fwp%2Fv2%2Fmedia&parent=10202"}],"wp:term":[{"taxonomy":"category","embeddable":true,"href":"https:\/\/www.manologarciaycia.com\/index.php?rest_route=%2Fwp%2Fv2%2Fcategories&post=10202"},{"taxonomy":"post_tag","embeddable":true,"href":"https:\/\/www.manologarciaycia.com\/index.php?rest_route=%2Fwp%2Fv2%2Ftags&post=10202"}],"curies":[{"name":"wp","href":"https:\/\/api.w.org\/{rel}","templated":true}]}}