{"id":10186,"date":"2014-08-28T13:30:29","date_gmt":"2014-08-28T11:30:29","guid":{"rendered":"http:\/\/www.manologarciaycia.com\/?p=10186"},"modified":"2014-08-28T13:30:29","modified_gmt":"2014-08-28T11:30:29","slug":"el-festival-acustica-reune-todas-las-tendencias-de-la-musica-catalana","status":"publish","type":"post","link":"https:\/\/www.manologarciaycia.com\/?p=10186","title":{"rendered":"El festival Ac\u00fastica re\u00fane todas las tendencias de la m\u00fasica catalana"},"content":{"rendered":"<p>Albert Pla recibir\u00e1 un homenaje por sus 25 a\u00f1os de carrera | Estopa, Quimi Portet, Pascal Comelade, Gerard Quintana o S\u00edlvia P\u00e9rez Cruz cantar\u00e1n para Pla.<\/p>\n<p>El festival Ac\u00fastica de Figueres levanta hoy el tel\u00f3n de su decimotercera edici\u00f3n con el reto de mantener el poder de convocatoria y de convertirse nuevamente en la referencia de la escena catalana, mostrando cual es la v\u00eda y los nombres propios que la protagonizan o se van a convertir en tales. Varios conciertos concebidos para la ocasi\u00f3n, una apartado para los m\u00e1s peque\u00f1os (el Acustiqueta) y un variado abanico de nombres consolidados o en camino, son los elementos de una propuesta sanamente desacomplejada. <\/p>\n<p>El cartel de esta edici\u00f3n se extiende a lo largo de unas cuarenta actuaciones, que se repartir\u00e1n en espacios urbanos (La Rambla y plazas Gala-Salvador Dal\u00ed, Catalunya y Josep Pla) y el teatro Municipal Jard\u00ed. De esta manera, tal como recalca el director de la convocatoria, Xavier Pascual, el Ac\u00fastica \u00abha crecido pero sin perder sus esencias\u00bb. Es decir, propuestas y espacios para amplios auditorios y recitales y ubicaciones para los que buscan el car\u00e1cter \u00edntimo de sus inicios. Al fin y al cabo, la pasada edici\u00f3n del evento reuni\u00f3 a 80.000 aficionados.<\/p>\n<p>El apartado de los conciertos exclusivos incluye, en primer jugar, el homenaje a Albert Pla con motivo de sus 25 a\u00f1os de carrera profesional, que reunir\u00e1 ma\u00f1ana en la plaza Gala-Salvador Dal\u00ed (22.30 h) a Estopa, Quimi Portet, Pascal Comelade, Gerard Quintana, Tomasito, El Canijo de Jerez, Pau Riba, S\u00edlvia P\u00e9rez Cruz &#038; Ra\u00fcl Fern\u00e1ndez Mir\u00f3 o Maria Rod\u00e9s. El segundo recital concebido para la ocasi\u00f3n es el que ofrecer\u00e1 Luis Eduardo Aute el s\u00e1bado en el teatro Jard\u00ed (22.30 h). Se trata del \u00faltimo recital de la gira de presentaci\u00f3n de su \u00faltimo disco, El ni\u00f1o que mira al mar, que pr\u00e1cticamente ha durado dos a\u00f1os. \u00abLa direcci\u00f3n del festival me pidi\u00f3 que de alguna manera ligase el recital con el 75 aniversario de los bombardeos que sufri\u00f3 Figueres durante la Guerra Civil\u00bb, comenta el m\u00fasico desde Madrid. Como es habitual, antes de su recital propiamente dicho, se exhibir\u00e1 la pel\u00edcula que acompa\u00f1a al disco, dirigida tambi\u00e9n por el cantautor, El ni\u00f1o y el basilisco, \u00aby las primeras im\u00e1genes son de los bombardeos norteamericanos sobre Filipinas en la Segunda Guerra Mundial&#8230; y bueno, se puede ver como un enganche con lo que padeci\u00f3 Figueres en la otra guerra\u00bb. Acompa\u00f1ado por su tr\u00edo habitual (Toni Carmona, Coque Guti\u00e9rrez y Cristina Narea), Aute desgranar\u00e1 parte de su \u00faltimo disco y algunos temas de su amplio repertorio anterior; asimismo, tambi\u00e9n participar\u00e1n los cantautores Cesk Freixas y Joanjo Bosk, que interpretar\u00e1n alg\u00fan corte del propio Aute.<\/p>\n<p>El tercer concierto \u00fanico es el que juntar\u00e1 ma\u00f1ana en la plaza Catalunya (24 h) a La Troba Kung-F\u00fa con cuatro glossadors, entre ellos Carles Belda, dentro de los actos del Tricentenario, en los que estos improvisar\u00e1n vocalmente sobre piezas del cancionero tradicional catal\u00e1n y algunas composiciones del repertorio de la Troba, como La can\u00e7\u00f3 del lladre . \u00abSer\u00e1 un concierto -comenta Joan Garriga, l\u00edder de la formaci\u00f3n vallesana- at\u00edpico, porque enfocaremos todas las canciones desde desde la perspectiva del baile. De todos modos, la mayor\u00eda de nuestras canciones se pueden improvisar porque son muy rumberas\u00bb.<\/p>\n<p>Del resto de conciertos anunciados, llama la atenci\u00f3n el que ofrecer\u00e1 el s\u00e1bado la reactivada Fundaci\u00f3n Tony Manero (plaza Catalunya, 24 h). Como adelanta uno de sus fact\u00f3tums, Lalo L\u00f3pez, \u00abtocaremos unos cinco o seis temas de su nuestro nuevo \u00e1lbum, Superficial, que est\u00e1 m\u00e1s cerca del pop discotequero que del funk, es decir, como si nos gui\u00e1semos por el Nile Rogers de su \u00e9poca post Chic\u00bb.<\/p>\n<p>Fuente: La Vanguardia &#8211; Esteban Lin\u00e9s &#8211; <a href=\"http:\/\/www.lavanguardia.com\/musica\/20140828\/54414429444\/festival-acustica-reune-todas-tendencias-musica-catalana.html\" target=\"_blank\">ENLACE<\/a><\/p>\n","protected":false},"excerpt":{"rendered":"<p>Albert Pla recibir\u00e1 un homenaje por sus 25 a\u00f1os de carrera | Estopa, Quimi Portet, Pascal Comelade, Gerard Quintana o S\u00edlvia P\u00e9rez Cruz cantar\u00e1n para Pla. El festival Ac\u00fastica de Figueres levanta hoy el tel\u00f3n de su decimotercera edici\u00f3n con el reto de mantener el poder de convocatoria y de convertirse nuevamente en la referencia<a class=\"moretag\" href=\"https:\/\/www.manologarciaycia.com\/?p=10186\" title=\"El festival Ac\u00fastica re\u00fane todas las tendencias de la m\u00fasica catalana\" target=\"_self\" rel=\"follow\"> <font face=arial size=2>[Leer m\u00e1s]<\/font> <\/a><\/p>\n","protected":false},"author":2,"featured_media":10187,"comment_status":"closed","ping_status":"closed","sticky":false,"template":"","format":"standard","meta":{"footnotes":""},"categories":[23,9],"tags":[],"class_list":["post-10186","post","type-post","status-publish","format-standard","has-post-thumbnail","hentry","category-otros","category-qumi-portet"],"_links":{"self":[{"href":"https:\/\/www.manologarciaycia.com\/index.php?rest_route=\/wp\/v2\/posts\/10186","targetHints":{"allow":["GET"]}}],"collection":[{"href":"https:\/\/www.manologarciaycia.com\/index.php?rest_route=\/wp\/v2\/posts"}],"about":[{"href":"https:\/\/www.manologarciaycia.com\/index.php?rest_route=\/wp\/v2\/types\/post"}],"author":[{"embeddable":true,"href":"https:\/\/www.manologarciaycia.com\/index.php?rest_route=\/wp\/v2\/users\/2"}],"replies":[{"embeddable":true,"href":"https:\/\/www.manologarciaycia.com\/index.php?rest_route=%2Fwp%2Fv2%2Fcomments&post=10186"}],"version-history":[{"count":1,"href":"https:\/\/www.manologarciaycia.com\/index.php?rest_route=\/wp\/v2\/posts\/10186\/revisions"}],"predecessor-version":[{"id":10188,"href":"https:\/\/www.manologarciaycia.com\/index.php?rest_route=\/wp\/v2\/posts\/10186\/revisions\/10188"}],"wp:featuredmedia":[{"embeddable":true,"href":"https:\/\/www.manologarciaycia.com\/index.php?rest_route=\/wp\/v2\/media\/10187"}],"wp:attachment":[{"href":"https:\/\/www.manologarciaycia.com\/index.php?rest_route=%2Fwp%2Fv2%2Fmedia&parent=10186"}],"wp:term":[{"taxonomy":"category","embeddable":true,"href":"https:\/\/www.manologarciaycia.com\/index.php?rest_route=%2Fwp%2Fv2%2Fcategories&post=10186"},{"taxonomy":"post_tag","embeddable":true,"href":"https:\/\/www.manologarciaycia.com\/index.php?rest_route=%2Fwp%2Fv2%2Ftags&post=10186"}],"curies":[{"name":"wp","href":"https:\/\/api.w.org\/{rel}","templated":true}]}}