{"id":10135,"date":"2014-08-19T11:52:37","date_gmt":"2014-08-19T09:52:37","guid":{"rendered":"http:\/\/www.manologarciaycia.com\/?p=10135"},"modified":"2014-08-19T11:53:56","modified_gmt":"2014-08-19T09:53:56","slug":"efemerides","status":"publish","type":"post","link":"https:\/\/www.manologarciaycia.com\/?p=10135","title":{"rendered":"Efem\u00e9rides&#8230;"},"content":{"rendered":"<p>Aunque no somos muy dados a temas que no tienen que ver con la obra y trabajo de los artistas, evidentemente nos hacemos eco de la efem\u00e9rides de hoy: <\/p>\n<p>Hoy cumple 59 a\u00f1os el cantante y compositor espa\u00f1ol Manolo Garc\u00eda, nacido en Barcelona. Comenz\u00f3 a grabar con Los R\u00e1pidos y tras su disoluci\u00f3n form\u00f3 Los Burros con Quimi Portet que aport\u00f3 un personal surrealismo al pop rock aflamencado de Manolo con canciones como \u2018Huesos\u2019 y \u2018Mi novia se llamaba Ram\u00f3n\u2019. A continuaci\u00f3n, ambos fundan El \u00daltimo de la Fila con el que logran un enorme \u00e9xito comercial que les dura m\u00e1s de una d\u00e9cada, en la que publican siete \u00e1lbumes. Cuando en 1998 anuncian su disoluci\u00f3n oficial, Manolo emprende su carrera en solitario y publica su primer trabajo \u2018Arena en los bolsillos\u2019. Desde entonces ha grabado cuatro \u00e1lbumes m\u00e1s y seg\u00fan su p\u00e1gina web oficial, se encuentra actualmente preparando el sexto.<\/p>\n","protected":false},"excerpt":{"rendered":"<p>Aunque no somos muy dados a temas que no tienen que ver con la obra y trabajo de los artistas, evidentemente nos hacemos eco de la efem\u00e9rides de hoy: Hoy cumple 59 a\u00f1os el cantante y compositor espa\u00f1ol Manolo Garc\u00eda, nacido en Barcelona. Comenz\u00f3 a grabar con Los R\u00e1pidos y tras su disoluci\u00f3n form\u00f3 Los<a class=\"moretag\" href=\"https:\/\/www.manologarciaycia.com\/?p=10135\" title=\"Efem\u00e9rides&#8230;\" target=\"_self\" rel=\"follow\"> <font face=arial size=2>[Leer m\u00e1s]<\/font> <\/a><\/p>\n","protected":false},"author":2,"featured_media":9718,"comment_status":"closed","ping_status":"closed","sticky":false,"template":"","format":"standard","meta":{"footnotes":""},"categories":[1],"tags":[],"class_list":["post-10135","post","type-post","status-publish","format-standard","has-post-thumbnail","hentry","category-manolo-garcia"],"_links":{"self":[{"href":"https:\/\/www.manologarciaycia.com\/index.php?rest_route=\/wp\/v2\/posts\/10135","targetHints":{"allow":["GET"]}}],"collection":[{"href":"https:\/\/www.manologarciaycia.com\/index.php?rest_route=\/wp\/v2\/posts"}],"about":[{"href":"https:\/\/www.manologarciaycia.com\/index.php?rest_route=\/wp\/v2\/types\/post"}],"author":[{"embeddable":true,"href":"https:\/\/www.manologarciaycia.com\/index.php?rest_route=\/wp\/v2\/users\/2"}],"replies":[{"embeddable":true,"href":"https:\/\/www.manologarciaycia.com\/index.php?rest_route=%2Fwp%2Fv2%2Fcomments&post=10135"}],"version-history":[{"count":1,"href":"https:\/\/www.manologarciaycia.com\/index.php?rest_route=\/wp\/v2\/posts\/10135\/revisions"}],"predecessor-version":[{"id":10136,"href":"https:\/\/www.manologarciaycia.com\/index.php?rest_route=\/wp\/v2\/posts\/10135\/revisions\/10136"}],"wp:featuredmedia":[{"embeddable":true,"href":"https:\/\/www.manologarciaycia.com\/index.php?rest_route=\/wp\/v2\/media\/9718"}],"wp:attachment":[{"href":"https:\/\/www.manologarciaycia.com\/index.php?rest_route=%2Fwp%2Fv2%2Fmedia&parent=10135"}],"wp:term":[{"taxonomy":"category","embeddable":true,"href":"https:\/\/www.manologarciaycia.com\/index.php?rest_route=%2Fwp%2Fv2%2Fcategories&post=10135"},{"taxonomy":"post_tag","embeddable":true,"href":"https:\/\/www.manologarciaycia.com\/index.php?rest_route=%2Fwp%2Fv2%2Ftags&post=10135"}],"curies":[{"name":"wp","href":"https:\/\/api.w.org\/{rel}","templated":true}]}}