{"id":10129,"date":"2008-08-01T08:40:02","date_gmt":"2008-08-01T06:40:02","guid":{"rendered":"http:\/\/www.manologarciaycia.com\/?p=10129"},"modified":"2014-08-19T08:41:38","modified_gmt":"2014-08-19T06:41:38","slug":"el-rock-and-roll-ha-perdido-su-fiereza-y-se-ha-dejado-domesticar","status":"publish","type":"post","link":"https:\/\/www.manologarciaycia.com\/?p=10129","title":{"rendered":"\u00abEl rock and roll ha perdido su fiereza y se ha dejado domesticar\u00bb"},"content":{"rendered":"<p>El ex \u00daltimo de la Fila abre esta noche en Gij\u00f3n la gira de &#8216;Saldremos a la lluvia&#8217;, su flamante disco, con un montaje en el que participan 137 personas.<\/p>\n<p>Tan puntual que con \u00e9l los relojes se pusieron firmes. Sonriente y agradecido por todo, la vida, la m\u00fasica y casi hasta la lluvia, Manolo Garc\u00eda demostraba ayer a cada palabra de d\u00f3nde salen las letras que alimentan sus discos y de d\u00f3nde, las ilusiones y las esperanzas. \u00abSoy una de esas personas para las que el \u00e9xito es empezar el d\u00eda con alegr\u00eda y acabarlo con una sonrisa\u00bb, dec\u00eda para argumentar que no s\u00f3lo de vender discos vive el hombre. Un hombre que ha dejado de lado, seg\u00fan \u00e9l, el rock and roll asilvestrado y orgulloso de serlo por otro \u00abque ha perdido su fiereza y se ha dejado domesticar\u00bb. Hablaba as\u00ed el cantante durante la presentaci\u00f3n del concierto que dar\u00e1 esta noche en Gij\u00f3n. Hoy a las diez, en la plaza de toros, lo que probar\u00e1, una vez m\u00e1s, es qui\u00e9n era el pilar que sosten\u00eda El \u00daltimo de la Fila.<br \/>\nDe hecho, sobre la arena sonar\u00e1n algunas de las canciones de aquella \u00e9poca. Pero Garc\u00eda y su banda de los \u00faltimos a\u00f1os (desde la grabaci\u00f3n de &#8216;Arena en los bolsillos&#8217;) dedicar\u00e1n la energ\u00eda positiva a &#8216;Saldremos a la lluvia&#8217;, el \u00faltimo disco del compositor, que invita a lavar bajo las nubes \u00abla vida que va acumulando mugre\u00bb. Ayer dec\u00eda que esa lluvia es met\u00e1fora de m\u00fasica en su caso, pues es \u00e9sa la que le redime, \u00abla que limpia todos mis palos de gallinero\u00bb.<br \/>\nAsegura Manolo Garc\u00eda que en este disco y en esta gira se ha puesto, como siempre, el list\u00f3n muy alto y que lo ha logrado salvar. No el del mercado, \u00abque ese no puedo controlarlo y, adem\u00e1s, miente\u00bb, dice, \u00abpero s\u00ed el personal, que es el que realmente me importa. En el que pongo todo de m\u00ed\u00bb.<br \/>\nEsta vez esa inversi\u00f3n ha dado un disco de canciones optimistas que, seg\u00fan \u00e9l, quiere ser diferente a los otros, incluso en la merma de met\u00e1foras de las que ha vivido todo el tiempo su m\u00fasica. \u00abHe tratado de ser m\u00e1s directo, de hacer que las ideas fueran sin rodeos al papel, a la canci\u00f3n\u00bb.<br \/>\nContaba ayer Manolo Garc\u00eda que no es precisamente muy amigo de conjugar el verbo repetir. \u00abEn mis recorridos cotidianos no voy nunca por el mismo camino, c\u00f3mo iba a hacerlo en la m\u00fasica. Siempre escribo de manera diferente, quiero ser un m\u00fasico distinto cada vez\u00bb. Pero en lo que no puede evitar insistir es en la necesidad de \u00abbuscar aventura en todo\u00bb. Tambi\u00e9n repite en la voluntad de no dejar huecas sus canciones de mensaje social, algo que le importa y mucho, y en la necesidad de hacer lo que \u00e9l llama \u00abparentolog\u00eda musical\u00bb. Es decir, reunir ante la mirada del pop-rock instrumentos de otras culturas, ya sea un la\u00fad griego o una percusi\u00f3n caribe\u00f1a.<br \/>\nEn la gira que abre esta noche en Gij\u00f3n, sobre un escenario de 40 toneladas, Manolo Garc\u00eda estar\u00e1 acompa\u00f1ado por los m\u00fasicos Juan Carlos Garc\u00eda (percusiones), Charly Sard\u00e0 (bater\u00eda), I\u00f1igo Goldaracena (bajo), Osvi Grecco, Ricardo Mar\u00edn y Pedro Javier Gonz\u00e1lez (guitarras), Nacho Lesko (teclados), Olvido Lanza (viol\u00edn) y Stelios Petrakis, uno de los m\u00fasicos que ha colaborado en la grabaci\u00f3n del \u00e1lbum, que tocar\u00e1 la lira.<\/p>\n<p>Fuente: El Comercio &#8211; <a href=\"http:\/\/www.elcomercio.es\/gijon\/20080801\/sociedad\/rock-roll-perdido-fiereza-20080801.html\" target=\"_blank\">ENLACE<\/a> &#8211; Pach\u00e9 Merayo &#8211; \u00c1lex Pi\u00f1a<\/p>\n","protected":false},"excerpt":{"rendered":"<p>El ex \u00daltimo de la Fila abre esta noche en Gij\u00f3n la gira de &#8216;Saldremos a la lluvia&#8217;, su flamante disco, con un montaje en el que participan 137 personas. Tan puntual que con \u00e9l los relojes se pusieron firmes. Sonriente y agradecido por todo, la vida, la m\u00fasica y casi hasta la lluvia, Manolo<a class=\"moretag\" href=\"https:\/\/www.manologarciaycia.com\/?p=10129\" title=\"\u00abEl rock and roll ha perdido su fiereza y se ha dejado domesticar\u00bb\" target=\"_self\" rel=\"follow\"> <font face=arial size=2>[Leer m\u00e1s]<\/font> <\/a><\/p>\n","protected":false},"author":2,"featured_media":10130,"comment_status":"closed","ping_status":"closed","sticky":false,"template":"","format":"standard","meta":{"footnotes":""},"categories":[1],"tags":[],"class_list":["post-10129","post","type-post","status-publish","format-standard","has-post-thumbnail","hentry","category-manolo-garcia"],"_links":{"self":[{"href":"https:\/\/www.manologarciaycia.com\/index.php?rest_route=\/wp\/v2\/posts\/10129","targetHints":{"allow":["GET"]}}],"collection":[{"href":"https:\/\/www.manologarciaycia.com\/index.php?rest_route=\/wp\/v2\/posts"}],"about":[{"href":"https:\/\/www.manologarciaycia.com\/index.php?rest_route=\/wp\/v2\/types\/post"}],"author":[{"embeddable":true,"href":"https:\/\/www.manologarciaycia.com\/index.php?rest_route=\/wp\/v2\/users\/2"}],"replies":[{"embeddable":true,"href":"https:\/\/www.manologarciaycia.com\/index.php?rest_route=%2Fwp%2Fv2%2Fcomments&post=10129"}],"version-history":[{"count":1,"href":"https:\/\/www.manologarciaycia.com\/index.php?rest_route=\/wp\/v2\/posts\/10129\/revisions"}],"predecessor-version":[{"id":10131,"href":"https:\/\/www.manologarciaycia.com\/index.php?rest_route=\/wp\/v2\/posts\/10129\/revisions\/10131"}],"wp:featuredmedia":[{"embeddable":true,"href":"https:\/\/www.manologarciaycia.com\/index.php?rest_route=\/wp\/v2\/media\/10130"}],"wp:attachment":[{"href":"https:\/\/www.manologarciaycia.com\/index.php?rest_route=%2Fwp%2Fv2%2Fmedia&parent=10129"}],"wp:term":[{"taxonomy":"category","embeddable":true,"href":"https:\/\/www.manologarciaycia.com\/index.php?rest_route=%2Fwp%2Fv2%2Fcategories&post=10129"},{"taxonomy":"post_tag","embeddable":true,"href":"https:\/\/www.manologarciaycia.com\/index.php?rest_route=%2Fwp%2Fv2%2Ftags&post=10129"}],"curies":[{"name":"wp","href":"https:\/\/api.w.org\/{rel}","templated":true}]}}