{"id":10126,"date":"2014-08-17T08:09:39","date_gmt":"2014-08-17T06:09:39","guid":{"rendered":"http:\/\/www.manologarciaycia.com\/?p=10126"},"modified":"2014-08-17T08:09:39","modified_gmt":"2014-08-17T06:09:39","slug":"festejos-de-pola-pretende-traer-a-manolo-garcia-a-les-comadres-2015","status":"publish","type":"post","link":"https:\/\/www.manologarciaycia.com\/?p=10126","title":{"rendered":"Festejos de Pola pretende traer a Manolo Garc\u00eda a Les Comadres 2015"},"content":{"rendered":"<p>La entidad que preside Jenaro Soto cerrar\u00e1 el ejercicio 2014 con un super\u00e1vit de 12.400 euros, con lo que la deuda actual asciende a 17.000 euros.<\/p>\n<p>El presidente de la Sociedad de Festejos de Pola de Siero, Jenaro Soto, ya piensa en la programaci\u00f3n para el a\u00f1o 2015, cuyo primer plato fuerte podr\u00eda ser la contrataci\u00f3n del cantante catal\u00e1n Manolo Garc\u00eda para Les Comadres, quien protagoniz\u00f3 en febrero pasado una exposici\u00f3n pict\u00f3rica en la Casa de la Cultura de La Pola. El escenario podr\u00eda ser o bien la plaza cubierta o el exterior del mercado de ganados para poder aumentar el aforo.<\/p>\n<p>La entidad polesa cerrar\u00e1 el presente ejercicio con un super\u00e1vit de 12.400 euros, que se une a los 18.000 euros de saldo positivo que dej\u00f3 el ejercicio 2013. Seg\u00fan Soto, en los dos a\u00f1os que lleva a frente de la sociedad, se ha conseguido reducir 35.000 euros, con lo que la deuda actual de Festejos asciende a 17.000 euros. \u00abTen\u00edamos el compromiso de ir pagando a los acreedores y lo estamos cumpliendo a rajatabla\u00bb, indic\u00f3. Y se compromete a seguir reduci\u00e9ndola el pr\u00f3ximo a\u00f1o<\/p>\n<p>Festejos repetir\u00e1 en noviembre la fiesta de San Andr\u00e9s, que incluir\u00e1 jornadas gastron\u00f3micas, una feria equina, eventos musicales pendientes de concretar y varias ferias tem\u00e1ticas en la plaza cubierta. Como novedad, la asociaci\u00f3n Los Palacios se incorporar\u00e1 a la programaci\u00f3n con un amag\u00fcestu.<\/p>\n<p><u><strong>Fiesta de Nochevieja<\/strong><\/u><br \/>\nSoto est\u00e1 estudiando la posibilidad de organizar una fiesta en Nochevieja en la plaza cubierta, que podr\u00eda ser con cena y cotill\u00f3n o cotill\u00f3n con barra libre. Festejos se asociar\u00eda en este caso con algunos hosteleros de la localidad, aunque deber\u00e1n valorar su viabilidad, sobre todo despu\u00e9s del fracaso del baile de la Kermesse que cerr\u00f3 el Carm\u00edn.<\/p>\n<p>Soto concluye mandato en 2016, aunque sigue sopesando la posibilidad de adelantar las elecciones tras las fiestas del pr\u00f3ximo a\u00f1o. De ello depender\u00e1 la respuesta popular hacia la entidad que preside.<\/p>\n<p>Fuente: El Comercio &#8211; <a href=\"http:\/\/www.elcomercio.es\/asturias\/siero-centro\/201408\/16\/festejos-pola-pretende-traer-20140816002311-v.html\" target=\"_blank\">ENLACE<\/a><\/p>\n","protected":false},"excerpt":{"rendered":"<p>La entidad que preside Jenaro Soto cerrar\u00e1 el ejercicio 2014 con un super\u00e1vit de 12.400 euros, con lo que la deuda actual asciende a 17.000 euros. El presidente de la Sociedad de Festejos de Pola de Siero, Jenaro Soto, ya piensa en la programaci\u00f3n para el a\u00f1o 2015, cuyo primer plato fuerte podr\u00eda ser la<a class=\"moretag\" href=\"https:\/\/www.manologarciaycia.com\/?p=10126\" title=\"Festejos de Pola pretende traer a Manolo Garc\u00eda a Les Comadres 2015\" target=\"_self\" rel=\"follow\"> <font face=arial size=2>[Leer m\u00e1s]<\/font> <\/a><\/p>\n","protected":false},"author":2,"featured_media":10127,"comment_status":"closed","ping_status":"closed","sticky":false,"template":"","format":"standard","meta":{"footnotes":""},"categories":[1],"tags":[],"class_list":["post-10126","post","type-post","status-publish","format-standard","has-post-thumbnail","hentry","category-manolo-garcia"],"_links":{"self":[{"href":"https:\/\/www.manologarciaycia.com\/index.php?rest_route=\/wp\/v2\/posts\/10126","targetHints":{"allow":["GET"]}}],"collection":[{"href":"https:\/\/www.manologarciaycia.com\/index.php?rest_route=\/wp\/v2\/posts"}],"about":[{"href":"https:\/\/www.manologarciaycia.com\/index.php?rest_route=\/wp\/v2\/types\/post"}],"author":[{"embeddable":true,"href":"https:\/\/www.manologarciaycia.com\/index.php?rest_route=\/wp\/v2\/users\/2"}],"replies":[{"embeddable":true,"href":"https:\/\/www.manologarciaycia.com\/index.php?rest_route=%2Fwp%2Fv2%2Fcomments&post=10126"}],"version-history":[{"count":1,"href":"https:\/\/www.manologarciaycia.com\/index.php?rest_route=\/wp\/v2\/posts\/10126\/revisions"}],"predecessor-version":[{"id":10128,"href":"https:\/\/www.manologarciaycia.com\/index.php?rest_route=\/wp\/v2\/posts\/10126\/revisions\/10128"}],"wp:featuredmedia":[{"embeddable":true,"href":"https:\/\/www.manologarciaycia.com\/index.php?rest_route=\/wp\/v2\/media\/10127"}],"wp:attachment":[{"href":"https:\/\/www.manologarciaycia.com\/index.php?rest_route=%2Fwp%2Fv2%2Fmedia&parent=10126"}],"wp:term":[{"taxonomy":"category","embeddable":true,"href":"https:\/\/www.manologarciaycia.com\/index.php?rest_route=%2Fwp%2Fv2%2Fcategories&post=10126"},{"taxonomy":"post_tag","embeddable":true,"href":"https:\/\/www.manologarciaycia.com\/index.php?rest_route=%2Fwp%2Fv2%2Ftags&post=10126"}],"curies":[{"name":"wp","href":"https:\/\/api.w.org\/{rel}","templated":true}]}}