{"id":1008,"date":"2010-10-13T07:57:57","date_gmt":"2010-10-13T06:57:57","guid":{"rendered":"http:\/\/petaos.net\/?p=1008"},"modified":"2010-10-13T08:42:49","modified_gmt":"2010-10-13T07:42:49","slug":"mg-posible-aparicion-en-las-lunas-del-auditorio-mx","status":"publish","type":"post","link":"https:\/\/www.manologarciaycia.com\/?p=1008","title":{"rendered":"MG: Participaci\u00f3n de Manolo Garc\u00eda en las Lunas del Auditorio (MX)"},"content":{"rendered":"<p><img loading=\"lazy\" decoding=\"async\" class=\"alignleft\" src=\"http:\/\/4.bp.blogspot.com\/_UZzZetem-ZU\/TK_uVN5634I\/AAAAAAAAFcA\/fKi1ml7L6z4\/s400\/lunas2.jpg\" alt=\"\" width=\"230\" height=\"280\" \/>El <strong>Auditorio Nacional<\/strong> del Distrito Federal de M\u00e9xico ser\u00e1 la sede de la novena edici\u00f3n de la entrega de las <strong>Lunas del Auditorio<\/strong>, el pr\u00f3ximo 27 de octubre 2010  \u2014ceremonia en la que se dar\u00e1n cita prestigiadas figuras del mundo del  arte y la cultura\u2014 y ser\u00e1n concedidas a quienes han ofrecido, los  mejores espect\u00e1culos en vivo en los escenarios de M\u00e9xico. Pepe Aguilar,  Raphael, Julieta Venegas, <strong>Manolo Garc\u00eda<\/strong>, Andr\u00e9s Calamaro, Fito P\u00e1ez,  Diego Torres, La Arrolladora Banda el Lim\u00f3n, Natalia Lafourcade, Reyli y  La l\u00ednea del coro (A Chorus Line), ser\u00e1n algunas de las estrellas que  iluminar\u00e1n el escenario del coloso de Reforma. Para recibir a los  invitados a esta noche de gala, el Circo Raus ofrecer\u00e1 en el vest\u00edbulo  del Auditorio, un regio espect\u00e1culo.<\/p>\n<p>Fuente: Frecuencia Musical Radio &#8211; <\/p>\n<p>La conducci\u00f3n de esta  entrega de reconocimientos estar\u00e1 a cargo de distinguidas personalidades  como Paola Rojas, Juan Manuel Bernal, Ana Lasalvia, Eduardo Videgaray,  Lorena Rojas y C\u00e9sar \u00c9vora.<\/p>\n<p><strong><span style=\"color: #660000;\">Las Categor\u00edas<br \/>\n<\/span><\/strong><\/p>\n<p>Este  a\u00f1o, Lunas del Auditorio 2010 distingue a 20 categor\u00edas: Balada,  Ballet, Danza Moderna, Danza Tradicional, Espect\u00e1culo Alternativo,  Espect\u00e1culo Cl\u00e1sico, Espect\u00e1culo Familiar, Jazz y Blues, Ritmos  Afroamericanos, M\u00fasica Electr\u00f3nica, M\u00fasica Grupera, M\u00fasica de  Iberoam\u00e9rica, M\u00fasica Mexicana, Musical Teatral, M\u00fasica Tradicional, Pop  en Espa\u00f1ol, Pop en Lengua Extranjera, Rock en Espa\u00f1ol, Rock en Lengua  Extranjera y World Music.<\/p>\n<p>Cada a\u00f1o, adem\u00e1s de las categor\u00edas  antes mencionadas, se entregan las Lunas Especiales por Una Vida en el  Espect\u00e1culo, Trayectoria Art\u00edstica y Revelaci\u00f3n, que son designadas por  un Consejo Asesor, integrado por reconocidas personalidades en el mundo  de la cultura. En esta edici\u00f3n, el Consejo Asesor est\u00e1 integrado por los  actores Julieta Egurrola y Pedro Armend\u00e1riz, y por los periodistas  Cristina Pacheco y Juan Calder\u00f3n.<\/p>\n<p><strong><span style=\"color: #660000;\">Proceso de selecci\u00f3n<\/span><\/strong><br \/>\nPara  seleccionar a quienes recibir\u00e1n las Lunas del Auditorio se realiza un  cuidadoso y largo proceso: Consulta Mitofsky hace una encuesta en diez  ciudades mexicanas \u2014Distrito Federal, Guadalajara, Guanajuato,  Monterrey, Morelia, Puebla, Quer\u00e9taro, Tijuana, Toluca y Veracruz\u2014 con  el prop\u00f3sito de saber cu\u00e1les fueron, a consideraci\u00f3n del p\u00fablico, los  espect\u00e1culos m\u00e1s notables que se presentaron en escenarios mexicanos  entre el primero de julio de 2009 y el 30 de junio de 2010. El proceso  de selecci\u00f3n a cargo del Grupo de Especialistas \u2014integrado por m\u00e1s de  300 profesionales, entre promotores, patrocinadores, periodistas y  l\u00edderes de opini\u00f3n\u2014 se realiz\u00f3, como desde hace dos a\u00f1os, por internet.<\/p>\n<p><strong><span style=\"color: #660000;\">Las televisoras m\u00e1s importantes, presentes<\/span><\/strong><br \/>\nEn  la entrega de las Lunas del Auditorio 2010 se cuenta nuevamente con la  invaluable y decidida participaci\u00f3n de las cuatro televisoras m\u00e1s  importantes del territorio nacional. Canal 22, Once TV M\u00e9xico, Televisa y  Televisi\u00f3n Azteca unen sus esfuerzos con el prop\u00f3sito de que la entrega  de estos galardones alcance una gran audiencia en M\u00e9xico y en diversas  ciudades de Estados Unidos. Su participaci\u00f3n es inapreciable para que  este reconocimiento llegue al p\u00fablico que con su aplauso distingue a los  artistas.<\/p>\n<p><strong><span style=\"color: #660000;\">Lunas del Auditorio apoyando la creaci\u00f3n art\u00edstica<br \/>\n<\/span><\/strong>Este  a\u00f1o por primera ocasi\u00f3n, lanzamos la convocatoria de la Beca Mar\u00eda  Grever para composici\u00f3n de la canci\u00f3n popular Mexicana, que ofrece apoyo  econ\u00f3mico para los compositores. Este proyecto fue creado en conjunto  con la Fundaci\u00f3n Alfredo Harp Hel\u00fa, en colaboraci\u00f3n con los Latin  Grammys y con el apoyo de la Sociedad de Autores y Compositores de  M\u00e9xico, obteniendo una enorme respuesta a esta convocatoria, pues se  recibieron 439 solicitudes de 30 estados de la Rep\u00fablica Mexicana.<\/p>\n<p>Como  en a\u00f1os anteriores los boletos para asistir a las Lunas del Auditorio  se entregar\u00e1n de manera gratuita, a trav\u00e9s de los medios de  comunicaci\u00f3n, que a\u00f1o con a\u00f1o han favorecido a su p\u00fablico para ser  testigos de esta gran ceremonia.<\/p>\n<p>Las Lunas del Auditorio son el  resultado de un impulso continuado que ha llevado a reafirmar a este  escenario como uno de los centros de espect\u00e1culos m\u00e1s importantes del  mundo.<\/p>\n<p>Fuente: Frecuencia Musical Radio &#8211; <a href=\"http:\/\/frecuenciamusicalradio.blogspot.com\/2010\/10\/un-elenco-estelar-en-la-novena-edicion.html\" target=\"_blank\">ENLACE<\/a><\/p>\n","protected":false},"excerpt":{"rendered":"<p>El Auditorio Nacional del Distrito Federal de M\u00e9xico ser\u00e1 la sede de la novena edici\u00f3n de la entrega de las Lunas del Auditorio, el pr\u00f3ximo 27 de octubre 2010 \u2014ceremonia en la que se dar\u00e1n cita prestigiadas figuras del mundo del arte y la cultura\u2014 y ser\u00e1n concedidas a quienes han ofrecido, los mejores espect\u00e1culos<a class=\"moretag\" href=\"https:\/\/www.manologarciaycia.com\/?p=1008\" title=\"MG: Participaci\u00f3n de Manolo Garc\u00eda en las Lunas del Auditorio (MX)\" target=\"_self\" rel=\"follow\"> <font face=arial size=2>[Leer m\u00e1s]<\/font> <\/a><\/p>\n","protected":false},"author":2,"featured_media":0,"comment_status":"closed","ping_status":"closed","sticky":false,"template":"","format":"standard","meta":{"footnotes":""},"categories":[1,23],"tags":[154],"class_list":["post-1008","post","type-post","status-publish","format-standard","hentry","category-manolo-garcia","category-otros","tag-manolo-garcia-mexico-premios-lunas-auditorio"],"_links":{"self":[{"href":"https:\/\/www.manologarciaycia.com\/index.php?rest_route=\/wp\/v2\/posts\/1008","targetHints":{"allow":["GET"]}}],"collection":[{"href":"https:\/\/www.manologarciaycia.com\/index.php?rest_route=\/wp\/v2\/posts"}],"about":[{"href":"https:\/\/www.manologarciaycia.com\/index.php?rest_route=\/wp\/v2\/types\/post"}],"author":[{"embeddable":true,"href":"https:\/\/www.manologarciaycia.com\/index.php?rest_route=\/wp\/v2\/users\/2"}],"replies":[{"embeddable":true,"href":"https:\/\/www.manologarciaycia.com\/index.php?rest_route=%2Fwp%2Fv2%2Fcomments&post=1008"}],"version-history":[{"count":5,"href":"https:\/\/www.manologarciaycia.com\/index.php?rest_route=\/wp\/v2\/posts\/1008\/revisions"}],"predecessor-version":[{"id":1013,"href":"https:\/\/www.manologarciaycia.com\/index.php?rest_route=\/wp\/v2\/posts\/1008\/revisions\/1013"}],"wp:attachment":[{"href":"https:\/\/www.manologarciaycia.com\/index.php?rest_route=%2Fwp%2Fv2%2Fmedia&parent=1008"}],"wp:term":[{"taxonomy":"category","embeddable":true,"href":"https:\/\/www.manologarciaycia.com\/index.php?rest_route=%2Fwp%2Fv2%2Fcategories&post=1008"},{"taxonomy":"post_tag","embeddable":true,"href":"https:\/\/www.manologarciaycia.com\/index.php?rest_route=%2Fwp%2Fv2%2Ftags&post=1008"}],"curies":[{"name":"wp","href":"https:\/\/api.w.org\/{rel}","templated":true}]}}